{"id":2428,"date":"2024-04-22T06:55:34","date_gmt":"2024-04-22T09:55:34","guid":{"rendered":"https:\/\/aliampsi.com\/?p=2428"},"modified":"2024-04-22T08:07:49","modified_gmt":"2024-04-22T11:07:49","slug":"emotion-regulation-difculties-in-traumatized-youth-a-meta%e2%80%90analysis-and-conceptual-review","status":"publish","type":"post","link":"https:\/\/aliampsi.com\/?p=2428","title":{"rendered":"Dificultades de regulaci\u00f3n emocional en j\u00f3venes traumatizados: meta-an\u00e1lisis y revisi\u00f3n conceptual"},"content":{"rendered":"\t\t<div data-elementor-type=\"wp-post\" data-elementor-id=\"2428\" class=\"elementor elementor-2428\" data-elementor-post-type=\"post\">\n\t\t\t\t\t\t<section data-particle_enable=\"false\" data-particle-mobile-disabled=\"false\" class=\"elementor-section elementor-top-section elementor-element elementor-element-50b769c elementor-section-boxed elementor-section-height-default elementor-section-height-default\" data-id=\"50b769c\" data-element_type=\"section\" data-e-type=\"section\">\n\t\t\t\t\t\t<div class=\"elementor-container elementor-column-gap-default\">\n\t\t\t\t\t<div class=\"elementor-column elementor-col-100 elementor-top-column elementor-element elementor-element-40eda85\" data-id=\"40eda85\" data-element_type=\"column\" data-e-type=\"column\">\n\t\t\t<div class=\"elementor-widget-wrap elementor-element-populated\">\n\t\t\t\t\t\t<div class=\"elementor-element elementor-element-7cb1357 elementor-widget__width-initial elementor-widget elementor-widget-text-editor\" data-id=\"7cb1357\" data-element_type=\"widget\" data-e-type=\"widget\" data-widget_type=\"text-editor.default\">\n\t\t\t\t<div class=\"elementor-widget-container\">\n\t\t\t\t\t\t\t\t\t<p>Durante la adolescencia hay un aumento de sensibilidad y reactividad al estr\u00e9s, siendo esperable encontrar mayores dificultades en la regulaci\u00f3n emocional y una mayor vulnerabilidad a desarrollar trastornos mentales. Las dificultades de regulaci\u00f3n emocional pueden adquirir una significancia cl\u00ednica en un n\u00famero no menospreciable de casos, conllevando un deterioro en el funcionamiento habitual de estos j\u00f3venes. Tras un evento traum\u00e1tico suelen darse reacciones emocionales muy intensas, por lo que las habilidades de regulaci\u00f3n emocional pueden resultar cruciales en esta etapa. De acuerdo con las teor\u00edas del desarrollo, la adquisici\u00f3n de los procesos regulatorios quedar\u00eda alterada cuando los j\u00f3venes son expuestos a experiencias traum\u00e1ticas tempranas en su contexto relacional m\u00e1s estrecho.\u00a0<\/p>\n<p>Dada la importancia de estas dimensiones sintomatol\u00f3gicas en menores, este estudio meta-anal\u00edtico se centra en tres preguntas: 1) \u00bfCu\u00e1l es la frecuencia de la disregulaci\u00f3n emocional en ni\u00f1os y adolescentes con trastorno de estr\u00e9s postraum\u00e1tico (TEPT)? ; 2) \u00bfCu\u00e1l es la asociaci\u00f3n entre las dificultades de regulaci\u00f3n emocional y los s\u00edntomas de estr\u00e9s post-traum\u00e1tico en ni\u00f1os y adolescentes? ; 3) \u00bfCu\u00e1les son los factores principales que modifican la asociaci\u00f3n entre las dificultades de regulaci\u00f3n emocional y los s\u00edntomas de estr\u00e9s post-traum\u00e1tico en ni\u00f1os y adolescentes?<\/p>\n<p>Este art\u00edculo pone de relevancia la importancia de la relaci\u00f3n entre las dificultades de regulaci\u00f3n emocional y los s\u00edntomas de estr\u00e9s post-traum\u00e1tico, siendo \u00e9sta la primera vez que se cuantifica su correlaci\u00f3n en ni\u00f1os y adolescentes. Los resultados mostraron una fuerte asociaci\u00f3n positiva entre ambas dimensiones sintomatol\u00f3gicas, con un tama\u00f1o del efecto agrupado en el rango mediano. Los resultados meta-anal\u00edticos tambi\u00e9n mostraron que los j\u00f3venes que desarrollan un TEPT refieren con mayor frecuencia dificultades en regular sus emociones respeto a aquellos j\u00f3venes que no llegan a cumplir criterios diagn\u00f3sticos para el trastorno.\u00a0<\/p>\n<p>No disponemos de datos sobre la relaci\u00f3n de causalidad entre el estr\u00e9s post-traum\u00e1tico y la disregualci\u00f3n emocional. Estudios lonigtudinales permitir\u00edan una mayor comprensi\u00f3n del posible rol de la disregulaci\u00f3n emocional como factor predisponente a futuras re-victimizaciones, como secuela del trauma o ambos.\u00a0<\/p>\t\t\t\t\t\t\t\t<\/div>\n\t\t\t\t<\/div>\n\t\t\t\t<div class=\"elementor-element elementor-element-34a9b6d elementor-widget elementor-widget-button\" data-id=\"34a9b6d\" data-element_type=\"widget\" data-e-type=\"widget\" data-widget_type=\"button.default\">\n\t\t\t\t<div class=\"elementor-widget-container\">\n\t\t\t\t\t\t\t\t\t<div class=\"elementor-button-wrapper\">\n\t\t\t\t\t<a class=\"elementor-button elementor-button-link elementor-size-sm\" href=\"https:\/\/aliampsi.com\/wp-content\/uploads\/2024\/04\/metaanalisis-Laia-1.pdf\" target=\"_blank\">\n\t\t\t\t\t\t<span class=\"elementor-button-content-wrapper\">\n\t\t\t\t\t\t\t\t\t<span class=\"elementor-button-text\">Ver Documento<\/span>\n\t\t\t\t\t<\/span>\n\t\t\t\t\t<\/a>\n\t\t\t\t<\/div>\n\t\t\t\t\t\t\t\t<\/div>\n\t\t\t\t<\/div>\n\t\t\t\t\t<\/div>\n\t\t<\/div>\n\t\t\t\t\t<\/div>\n\t\t<\/section>\n\t\t\t\t<\/div>\n\t\t","protected":false},"excerpt":{"rendered":"<p>Durante la adolescencia hay un aumento de sensibilidad y reactividad al estr\u00e9s, siendo esperable encontrar mayores dificultades en la regulaci\u00f3n emocional y una mayor vulnerabilidad a desarrollar trastornos mentales. Las dificultades de regulaci\u00f3n emocional pueden adquirir una significancia cl\u00ednica en un n\u00famero no menospreciable de casos, conllevando un deterioro en el funcionamiento habitual de estos [&hellip;]<\/p>\n","protected":false},"author":2,"featured_media":2429,"comment_status":"open","ping_status":"open","sticky":false,"template":"","format":"standard","meta":{"site-sidebar-layout":"default","site-content-layout":"","ast-site-content-layout":"default","site-content-style":"default","site-sidebar-style":"default","ast-global-header-display":"","ast-banner-title-visibility":"","ast-main-header-display":"","ast-hfb-above-header-display":"","ast-hfb-below-header-display":"","ast-hfb-mobile-header-display":"","site-post-title":"","ast-breadcrumbs-content":"","ast-featured-img":"","footer-sml-layout":"","ast-disable-related-posts":"","theme-transparent-header-meta":"","adv-header-id-meta":"","stick-header-meta":"","header-above-stick-meta":"","header-main-stick-meta":"","header-below-stick-meta":"","astra-migrate-meta-layouts":"set","ast-page-background-enabled":"default","ast-page-background-meta":{"desktop":{"background-color":"","background-image":"","background-repeat":"repeat","background-position":"center center","background-size":"auto","background-attachment":"scroll","background-type":"","background-media":"","overlay-type":"","overlay-color":"","overlay-opacity":"","overlay-gradient":""},"tablet":{"background-color":"","background-image":"","background-repeat":"repeat","background-position":"center center","background-size":"auto","background-attachment":"scroll","background-type":"","background-media":"","overlay-type":"","overlay-color":"","overlay-opacity":"","overlay-gradient":""},"mobile":{"background-color":"","background-image":"","background-repeat":"repeat","background-position":"center center","background-size":"auto","background-attachment":"scroll","background-type":"","background-media":"","overlay-type":"","overlay-color":"","overlay-opacity":"","overlay-gradient":""}},"ast-content-background-meta":{"desktop":{"background-color":"var(--ast-global-color-5)","background-image":"","background-repeat":"repeat","background-position":"center center","background-size":"auto","background-attachment":"scroll","background-type":"","background-media":"","overlay-type":"","overlay-color":"","overlay-opacity":"","overlay-gradient":""},"tablet":{"background-color":"var(--ast-global-color-5)","background-image":"","background-repeat":"repeat","background-position":"center center","background-size":"auto","background-attachment":"scroll","background-type":"","background-media":"","overlay-type":"","overlay-color":"","overlay-opacity":"","overlay-gradient":""},"mobile":{"background-color":"var(--ast-global-color-5)","background-image":"","background-repeat":"repeat","background-position":"center center","background-size":"auto","background-attachment":"scroll","background-type":"","background-media":"","overlay-type":"","overlay-color":"","overlay-opacity":"","overlay-gradient":""}},"footnotes":""},"categories":[7],"tags":[],"class_list":["post-2428","post","type-post","status-publish","format-standard","has-post-thumbnail","hentry","category-publicaciones"],"_links":{"self":[{"href":"https:\/\/aliampsi.com\/index.php?rest_route=\/wp\/v2\/posts\/2428","targetHints":{"allow":["GET"]}}],"collection":[{"href":"https:\/\/aliampsi.com\/index.php?rest_route=\/wp\/v2\/posts"}],"about":[{"href":"https:\/\/aliampsi.com\/index.php?rest_route=\/wp\/v2\/types\/post"}],"author":[{"embeddable":true,"href":"https:\/\/aliampsi.com\/index.php?rest_route=\/wp\/v2\/users\/2"}],"replies":[{"embeddable":true,"href":"https:\/\/aliampsi.com\/index.php?rest_route=%2Fwp%2Fv2%2Fcomments&post=2428"}],"version-history":[{"count":11,"href":"https:\/\/aliampsi.com\/index.php?rest_route=\/wp\/v2\/posts\/2428\/revisions"}],"predecessor-version":[{"id":2458,"href":"https:\/\/aliampsi.com\/index.php?rest_route=\/wp\/v2\/posts\/2428\/revisions\/2458"}],"wp:featuredmedia":[{"embeddable":true,"href":"https:\/\/aliampsi.com\/index.php?rest_route=\/wp\/v2\/media\/2429"}],"wp:attachment":[{"href":"https:\/\/aliampsi.com\/index.php?rest_route=%2Fwp%2Fv2%2Fmedia&parent=2428"}],"wp:term":[{"taxonomy":"category","embeddable":true,"href":"https:\/\/aliampsi.com\/index.php?rest_route=%2Fwp%2Fv2%2Fcategories&post=2428"},{"taxonomy":"post_tag","embeddable":true,"href":"https:\/\/aliampsi.com\/index.php?rest_route=%2Fwp%2Fv2%2Ftags&post=2428"}],"curies":[{"name":"wp","href":"https:\/\/api.w.org\/{rel}","templated":true}]}}